{"id":621,"date":"2024-04-15T21:27:17","date_gmt":"2024-04-15T21:27:17","guid":{"rendered":"https:\/\/manaco.ird.nc\/?p=621"},"modified":"2024-04-15T21:27:19","modified_gmt":"2024-04-15T21:27:19","slug":"reef-resilience-symposium-16-18-avril-2024","status":"publish","type":"post","link":"https:\/\/manaco.ird.nc\/?p=621","title":{"rendered":"REEF RESILIENCE  SYMPOSIUM 16-18 AVRIL  2024"},"content":{"rendered":"\n<p><strong>Working\ntogether to meet challenges<\/strong><\/p>\n\n\n\n<p>As\nthe world races to slow global heating by reducing carbon emissions, coral\nreefs around the world are already struggling to cope with the rate of\nenvironmental change. Ignoring their decline is not an option. How can we best\nsupport the resilience of these ecosystems, and the communities that depend on\nthem, in the coming decades?<\/p>\n\n\n\n<p>This Symposium will enable reef stewards of all kinds \u2013 practitioners, managers, researchers, engineers, Traditional Owners, industry leaders \u2013 to share and discuss recent events, new knowledge and innovations, and how we might work more effectively to meet current and future challenges.<\/p>\n\n\n\n<p> <br><strong>Travailler ensemble pour relever les d\u00e9fis<\/strong><\/p>\n\n\n\n<p> Alors que le monde s&#8217;efforce de ralentir le r\u00e9chauffement climatique en r\u00e9duisant les \u00e9missions de carbone, les r\u00e9cifs coralliens du monde entier ont d\u00e9j\u00e0 du mal \u00e0 faire face \u00e0 la rapidit\u00e9 des changements environnementaux. Ignorer leur d\u00e9clin n&#8217;est pas une option. Comment pouvons-nous mieux soutenir la r\u00e9silience de ces \u00e9cosyst\u00e8mes, ainsi que des communaut\u00e9s qui en d\u00e9pendent, dans les d\u00e9cennies \u00e0 venir? Ce symposium permettra aux gardiens des r\u00e9cifs de tous horizons &#8211; praticiens, gestionnaires, chercheurs, ing\u00e9nieurs, propri\u00e9taires traditionnels, leaders de l&#8217;industrie &#8211; de partager et de discuter des \u00e9v\u00e9nements r\u00e9cents, des nouvelles connaissances et des innovations, ainsi que de la mani\u00e8re dont nous pourrions travailler plus efficacement pour relever les d\u00e9fis actuels et futurs. <\/p>\n\n\n\n<figure class=\"wp-block-gallery columns-0 is-cropped wp-block-gallery-1 is-layout-flex wp-block-gallery-is-layout-flex\"><ul class=\"blocks-gallery-grid\"><\/ul><figcaption class=\"blocks-gallery-caption\"><a href=\"https:\/\/www.facebook.com\/ShoalsCRP\/\">https:\/\/www.facebook.com\/ShoalsCRP\/<\/a><\/figcaption><\/figure>\n","protected":false},"excerpt":{"rendered":"<p>Working together to meet challenges As the world races to slow global heating by reducing carbon emissions, coral reefs around the world are already struggling to cope with the rate of environmental change. Ignoring their decline is not an option. How can we best support the resilience of these ecosystems, and the communities that depend [&hellip;]<\/p>\n","protected":false},"author":3,"featured_media":624,"comment_status":"closed","ping_status":"open","sticky":false,"template":"","format":"standard","meta":{"_mo_disable_npp":"","footnotes":""},"categories":[7],"tags":[],"class_list":["post-621","post","type-post","status-publish","format-standard","has-post-thumbnail","hentry","category-events"],"_links":{"self":[{"href":"https:\/\/manaco.ird.nc\/index.php?rest_route=\/wp\/v2\/posts\/621"}],"collection":[{"href":"https:\/\/manaco.ird.nc\/index.php?rest_route=\/wp\/v2\/posts"}],"about":[{"href":"https:\/\/manaco.ird.nc\/index.php?rest_route=\/wp\/v2\/types\/post"}],"author":[{"embeddable":true,"href":"https:\/\/manaco.ird.nc\/index.php?rest_route=\/wp\/v2\/users\/3"}],"replies":[{"embeddable":true,"href":"https:\/\/manaco.ird.nc\/index.php?rest_route=%2Fwp%2Fv2%2Fcomments&post=621"}],"version-history":[{"count":3,"href":"https:\/\/manaco.ird.nc\/index.php?rest_route=\/wp\/v2\/posts\/621\/revisions"}],"predecessor-version":[{"id":627,"href":"https:\/\/manaco.ird.nc\/index.php?rest_route=\/wp\/v2\/posts\/621\/revisions\/627"}],"wp:featuredmedia":[{"embeddable":true,"href":"https:\/\/manaco.ird.nc\/index.php?rest_route=\/wp\/v2\/media\/624"}],"wp:attachment":[{"href":"https:\/\/manaco.ird.nc\/index.php?rest_route=%2Fwp%2Fv2%2Fmedia&parent=621"}],"wp:term":[{"taxonomy":"category","embeddable":true,"href":"https:\/\/manaco.ird.nc\/index.php?rest_route=%2Fwp%2Fv2%2Fcategories&post=621"},{"taxonomy":"post_tag","embeddable":true,"href":"https:\/\/manaco.ird.nc\/index.php?rest_route=%2Fwp%2Fv2%2Ftags&post=621"}],"curies":[{"name":"wp","href":"https:\/\/api.w.org\/{rel}","templated":true}]}}