{"id":522,"date":"2023-07-16T03:47:29","date_gmt":"2023-07-16T03:47:29","guid":{"rendered":"http:\/\/manaco.ird.nc\/?p=522"},"modified":"2023-11-13T21:22:21","modified_gmt":"2023-11-13T21:22:21","slug":"premiere-mission-du-projet-recover","status":"publish","type":"post","link":"https:\/\/manaco.ird.nc\/?p=522","title":{"rendered":"Premi\u00e8re mission du projet ReCoVer"},"content":{"rendered":"\n<p class=\"has-text-align-left has-text-color\" style=\"color:#0609e5\"><strong>Une \u00e9quipe scientifique explore les r\u00e9cifs au c\u0153ur du parc naturel de la mer de Corail pour identifier des marqueurs g\u00e9n\u00e9tiques de thermotol\u00e9rance des coraux et en \u00e9tudier la dispersion. C\u2019est tout l\u2019objectif\u00a0de ReCoVer\u00a0: \u00ab renforcer la conservation r\u00e9cifale dans le Pacifique Sud via l\u2019identification de coraux adapt\u00e9s au stress thermique \u00bb.<\/strong><\/p>\n\n\n\n<p><\/p>\n\n\n\n<p>Du 21 au 30 juin 2023, une \u00e9quipe pluri-institutionnelle de scientifiques, dont l&#8217;Institut de recherche pour le d\u00e9veloppement (IRD), le Centre national de la recherche scientifique (CNRS) et l&#8217;Universit\u00e9 de Nouvelle-Cal\u00e9donie (UNC), avec le soutien des forces arm\u00e9es en Nouvelle-Cal\u00e9donie, a embarqu\u00e9 sur le b\u00e2timent de la Marine nationale <em>D\u2019Entrecasteaux<\/em>, engag\u00e9 dans une patrouille de surveillance de la zone. L\u2019objectif \u00e9tait de pr\u00e9lever de petits fragments de deux esp\u00e8ces de coraux pr\u00e9sentes dans les r\u00e9cifs de Chesterfield-Bellona, en vue de mettre \u00e0 jour des marqueurs g\u00e9n\u00e9tiques de thermotol\u00e9rance et d\u2019\u00e9laborer une carte du potentiel adaptatif des coraux de la r\u00e9gion.  <\/p>\n\n\n\n<figure class=\"wp-block-embed is-type-video is-provider-youtube wp-block-embed-youtube wp-embed-aspect-16-9 wp-has-aspect-ratio\"><div class=\"wp-block-embed__wrapper\">\n<iframe loading=\"lazy\" title=\"ReCoVer : mission scientifique au chevet du corail\" width=\"640\" height=\"360\" src=\"https:\/\/www.youtube.com\/embed\/c0KhSagVw50?feature=oembed\" frameborder=\"0\" allow=\"accelerometer; autoplay; clipboard-write; encrypted-media; gyroscope; picture-in-picture; web-share\" referrerpolicy=\"strict-origin-when-cross-origin\" allowfullscreen><\/iframe>\n<\/div><\/figure>\n\n\n\n<p class=\"has-medium-font-size\">Le blanchissement corallien est en effet l&#8217;une des principales causes du d\u00e9clin des \u00e9cosyst\u00e8mes r\u00e9cifaux \u00e0 l\u2019\u00e9chelle mondiale, mais son occurrence et son intensit\u00e9 varient \u00e0 diff\u00e9rentes \u00e9chelles tant g\u00e9ographiques que taxonomiques. Fort du constat que, depuis 2016, les coraux de Nouvelle-Cal\u00e9donie ont \u00e9t\u00e9 jusqu&#8217;\u00e0 pr\u00e9sent moins impact\u00e9s par les vagues de chaleur mondiale que ceux de la Grande Barri\u00e8re de Corail australienne, par exemple, que les r\u00e9cifs de Chesterfield-Bellona, travers\u00e9s par le courant sud \u00e9quatorial, sont situ\u00e9s \u00e0 mi-parcours entre les deux plus grandes barri\u00e8res coralliennes mondiales et que leur histoire \u00e9volutive indique qu\u2019ils vivent dans une zone plus stressante que les r\u00e9cifs environnants, les r\u00e9cifs de de Chesterfield-Bellona pourraient servir de \u00ab&nbsp;zones r\u00e9servoirs&nbsp;\u00bb. <\/p>\n\n\n\n<figure class=\"wp-block-image size-large\"><img loading=\"lazy\" decoding=\"async\" width=\"735\" height=\"522\" src=\"https:\/\/manaco.ird.nc\/wp-content\/uploads\/2023\/07\/Box1-1.png\" alt=\"\" class=\"wp-image-532\" srcset=\"https:\/\/manaco.ird.nc\/wp-content\/uploads\/2023\/07\/Box1-1.png 735w, https:\/\/manaco.ird.nc\/wp-content\/uploads\/2023\/07\/Box1-1-300x213.png 300w\" sizes=\"(max-width: 735px) 100vw, 735px\" \/><\/figure>\n\n\n\n<p>L\u2019\u00e9tude a port\u00e9 sur 6 sites repr\u00e9sentatifs d\u2019environnements contrast\u00e9s,\ns\u00e9lectionn\u00e9s gr\u00e2ce aux donn\u00e9es de t\u00e9l\u00e9d\u00e9tection (variation de la temp\u00e9rature de\nl\u2019eau, turbidit\u00e9, chlorophylle etc.). Un laboratoire am\u00e9nag\u00e9 sur le pont du <em>D\u2019Entrecasteaux<\/em>,\navec le soutien de l\u2019Aquarium des Lagons, a permis d\u2019\u00e9valuer leur\nthermotol\u00e9rance, donn\u00e9es qui seront mises en lien tant avec les param\u00e8tres\nenvironnementaux qu\u2019avec les donn\u00e9es de s\u00e9quen\u00e7age du g\u00e9nome des coraux\n\u00e9chantillonn\u00e9s. Ces donn\u00e9es seront compl\u00e9t\u00e9es par une analyse d\u2019ADN\nenvironnemental pour d\u00e9terminer la composition des communaut\u00e9s sur chacun des\nsites. Cette mission du projet ReCoVer est le support de deux th\u00e8ses (th\u00e8ses\nFranco-Suisse et Franco-Australienne) avec deux directeurs bas\u00e9s en\nNouvelle-Cal\u00e9donie, dont la coordinatrice du projet ReCoVer, V\u00e9ronique\nBerteaux-Lecellier (CNRS).<\/p>\n\n\n\n<figure class=\"wp-block-image size-large\"><img loading=\"lazy\" decoding=\"async\" width=\"844\" height=\"417\" src=\"https:\/\/manaco.ird.nc\/wp-content\/uploads\/2023\/07\/Box3.png\" alt=\"\" class=\"wp-image-540\" srcset=\"https:\/\/manaco.ird.nc\/wp-content\/uploads\/2023\/07\/Box3.png 844w, https:\/\/manaco.ird.nc\/wp-content\/uploads\/2023\/07\/Box3-300x148.png 300w, https:\/\/manaco.ird.nc\/wp-content\/uploads\/2023\/07\/Box3-768x379.png 768w\" sizes=\"(max-width: 844px) 100vw, 844px\" \/><\/figure>\n\n\n\n<p>Cette mission s\u2019inscrit dans une collaboration internationale\nentre chercheurs de Nouvelle-Cal\u00e9donie (IRD-UNC-CNRS), d\u2019Australie (AIMS-SCU)\net de Suisse (EPFL). Elle vise ainsi non seulement \u00e0 \u00e9tablir une cartographie\ndu potentiel adaptatif des r\u00e9cifs de Chesterfield-Bellona, mais aussi \u00e0 \u00e9tudier\nl\u2019influence, gr\u00e2ce au courant \u00e9quatorial sud, des r\u00e9cifs d\u2019Entrecasteaux et de\nla c\u00f4te ouest de la Grande Terre dans le potentiel adaptatif de ceux de Chesterfield-Bellona\net, par del\u00e0, celle de Chesterfield-Bellona sur la Grande Barri\u00e8re de Corail.<\/p>\n\n\n\n<p>Partenaires<\/p>\n\n\n\n<figure class=\"wp-block-image size-large\"><img loading=\"lazy\" decoding=\"async\" width=\"1024\" height=\"325\" src=\"https:\/\/manaco.ird.nc\/wp-content\/uploads\/2023\/07\/Partenaires-1024x325.png\" alt=\"\" class=\"wp-image-523\" srcset=\"https:\/\/manaco.ird.nc\/wp-content\/uploads\/2023\/07\/Partenaires-1024x325.png 1024w, https:\/\/manaco.ird.nc\/wp-content\/uploads\/2023\/07\/Partenaires-300x95.png 300w, https:\/\/manaco.ird.nc\/wp-content\/uploads\/2023\/07\/Partenaires-768x243.png 768w, https:\/\/manaco.ird.nc\/wp-content\/uploads\/2023\/07\/Partenaires.png 1139w\" sizes=\"(max-width: 1024px) 100vw, 1024px\" \/><\/figure>\n\n\n\n<figure class=\"wp-block-image size-large\"><img loading=\"lazy\" decoding=\"async\" width=\"746\" height=\"275\" src=\"https:\/\/manaco.ird.nc\/wp-content\/uploads\/2023\/07\/Box4.png\" alt=\"\" class=\"wp-image-542\" srcset=\"https:\/\/manaco.ird.nc\/wp-content\/uploads\/2023\/07\/Box4.png 746w, https:\/\/manaco.ird.nc\/wp-content\/uploads\/2023\/07\/Box4-300x111.png 300w\" sizes=\"(max-width: 746px) 100vw, 746px\" \/><\/figure>\n","protected":false},"excerpt":{"rendered":"<p>Une \u00e9quipe scientifique explore les r\u00e9cifs au c\u0153ur du parc naturel de la mer de Corail pour identifier des marqueurs g\u00e9n\u00e9tiques de thermotol\u00e9rance des coraux et en \u00e9tudier la dispersion. C\u2019est tout l\u2019objectif\u00a0de ReCoVer\u00a0: \u00ab renforcer la conservation r\u00e9cifale dans le Pacifique Sud via l\u2019identification de coraux adapt\u00e9s au stress thermique \u00bb. Du 21 au [&hellip;]<\/p>\n","protected":false},"author":1,"featured_media":544,"comment_status":"closed","ping_status":"open","sticky":false,"template":"","format":"standard","meta":{"_mo_disable_npp":"","footnotes":""},"categories":[7],"tags":[],"class_list":["post-522","post","type-post","status-publish","format-standard","has-post-thumbnail","hentry","category-events"],"_links":{"self":[{"href":"https:\/\/manaco.ird.nc\/index.php?rest_route=\/wp\/v2\/posts\/522"}],"collection":[{"href":"https:\/\/manaco.ird.nc\/index.php?rest_route=\/wp\/v2\/posts"}],"about":[{"href":"https:\/\/manaco.ird.nc\/index.php?rest_route=\/wp\/v2\/types\/post"}],"author":[{"embeddable":true,"href":"https:\/\/manaco.ird.nc\/index.php?rest_route=\/wp\/v2\/users\/1"}],"replies":[{"embeddable":true,"href":"https:\/\/manaco.ird.nc\/index.php?rest_route=%2Fwp%2Fv2%2Fcomments&post=522"}],"version-history":[{"count":15,"href":"https:\/\/manaco.ird.nc\/index.php?rest_route=\/wp\/v2\/posts\/522\/revisions"}],"predecessor-version":[{"id":614,"href":"https:\/\/manaco.ird.nc\/index.php?rest_route=\/wp\/v2\/posts\/522\/revisions\/614"}],"wp:featuredmedia":[{"embeddable":true,"href":"https:\/\/manaco.ird.nc\/index.php?rest_route=\/wp\/v2\/media\/544"}],"wp:attachment":[{"href":"https:\/\/manaco.ird.nc\/index.php?rest_route=%2Fwp%2Fv2%2Fmedia&parent=522"}],"wp:term":[{"taxonomy":"category","embeddable":true,"href":"https:\/\/manaco.ird.nc\/index.php?rest_route=%2Fwp%2Fv2%2Fcategories&post=522"},{"taxonomy":"post_tag","embeddable":true,"href":"https:\/\/manaco.ird.nc\/index.php?rest_route=%2Fwp%2Fv2%2Ftags&post=522"}],"curies":[{"name":"wp","href":"https:\/\/api.w.org\/{rel}","templated":true}]}}