{"id":515,"date":"2023-05-28T08:36:44","date_gmt":"2023-05-28T08:36:44","guid":{"rendered":"http:\/\/manaco.ird.nc\/?p=515"},"modified":"2023-05-28T08:36:45","modified_gmt":"2023-05-28T08:36:45","slug":"conference-environnement-a-la-bibliotheque-bernheim-de-poindimie-le-18-mars-2023","status":"publish","type":"post","link":"https:\/\/manaco.ird.nc\/?p=515","title":{"rendered":"CONFERENCE ENVIRONNEMENT A LA BIBLIOTHEQUE BERNHEIM DE POINDIMIE LE 18 MARS 2023"},"content":{"rendered":"\n<p>V\u00e9ronique BERTEAUX-LECELLIER, charg\u00e9e de recherche au Centre National de la Recherche Scientifique (CNRS) et Ga\u00ebl LECELLIER, enseignant chercheur et chercheur \u00e0 l\u2019Universit\u00e9 de Nouvelle-Cal\u00e9donie, ont pr\u00e9sent\u00e9 samedi 18 mars 2023, une conf\u00e9rence publique in\u00e9dite sur le potentiel adaptatif des coraux en appui \u00e0 la gestion des r\u00e9cifs coralliens dans la lutte contre le r\u00e9chauffement climatique.<\/p>\n\n\n\n<p>Cette conf\u00e9rence, co-organis\u00e9e par CEMEA UBEE et Amandine Darras, a rassembl\u00e9 des \u00e9lus, des gestionnaires, des coutumiers, des associations environnementales et des personnes impliqu\u00e9es dans la pr\u00e9servation des r\u00e9cifs et lagons cal\u00e9doniens.<\/p>\n\n\n\n<p><\/p>\n\n\n\n<p><\/p>\n\n\n\n<figure class=\"wp-block-gallery columns-1 is-cropped wp-block-gallery-1 is-layout-flex wp-block-gallery-is-layout-flex\"><ul class=\"blocks-gallery-grid\"><li class=\"blocks-gallery-item\"><figure><img loading=\"lazy\" decoding=\"async\" width=\"600\" height=\"634\" src=\"https:\/\/manaco.ird.nc\/wp-content\/uploads\/2023\/05\/Ambiance.png\" alt=\"\" data-id=\"517\" data-full-url=\"https:\/\/manaco.ird.nc\/wp-content\/uploads\/2023\/05\/Ambiance.png\" data-link=\"https:\/\/manaco.ird.nc\/?attachment_id=517\" class=\"wp-image-517\" srcset=\"https:\/\/manaco.ird.nc\/wp-content\/uploads\/2023\/05\/Ambiance.png 600w, https:\/\/manaco.ird.nc\/wp-content\/uploads\/2023\/05\/Ambiance-284x300.png 284w\" sizes=\"(max-width: 600px) 100vw, 600px\" \/><\/figure><\/li><\/ul><\/figure>\n\n\n\n<figure class=\"wp-block-gallery columns-1 is-cropped wp-block-gallery-2 is-layout-flex wp-block-gallery-is-layout-flex\"><ul class=\"blocks-gallery-grid\"><li class=\"blocks-gallery-item\"><figure><img loading=\"lazy\" decoding=\"async\" width=\"752\" height=\"892\" src=\"https:\/\/manaco.ird.nc\/wp-content\/uploads\/2022\/05\/Shoals-Rodrigues.jpg\" alt=\"\" data-id=\"425\" data-full-url=\"https:\/\/manaco.ird.nc\/wp-content\/uploads\/2022\/05\/Shoals-Rodrigues.jpg\" data-link=\"https:\/\/manaco.ird.nc\/?attachment_id=425\" class=\"wp-image-425\" srcset=\"https:\/\/manaco.ird.nc\/wp-content\/uploads\/2022\/05\/Shoals-Rodrigues.jpg 752w, https:\/\/manaco.ird.nc\/wp-content\/uploads\/2022\/05\/Shoals-Rodrigues-253x300.jpg 253w\" sizes=\"(max-width: 752px) 100vw, 752px\" \/><\/figure><\/li><\/ul><figcaption class=\"blocks-gallery-caption\"><a href=\"https:\/\/www.facebook.com\/ShoalsCRP\/\">https:\/\/www.facebook.com\/ShoalsCRP\/<\/a><\/figcaption><\/figure>\n","protected":false},"excerpt":{"rendered":"<p>V\u00e9ronique BERTEAUX-LECELLIER, charg\u00e9e de recherche au Centre National de la Recherche Scientifique (CNRS) et Ga\u00ebl LECELLIER, enseignant chercheur et chercheur \u00e0 l\u2019Universit\u00e9 de Nouvelle-Cal\u00e9donie, ont pr\u00e9sent\u00e9 samedi 18 mars 2023, une conf\u00e9rence publique in\u00e9dite sur le potentiel adaptatif des coraux en appui \u00e0 la gestion des r\u00e9cifs coralliens dans la lutte contre le r\u00e9chauffement climatique. [&hellip;]<\/p>\n","protected":false},"author":1,"featured_media":516,"comment_status":"closed","ping_status":"open","sticky":false,"template":"","format":"standard","meta":{"_mo_disable_npp":"","footnotes":""},"categories":[7],"tags":[],"class_list":["post-515","post","type-post","status-publish","format-standard","has-post-thumbnail","hentry","category-events"],"_links":{"self":[{"href":"https:\/\/manaco.ird.nc\/index.php?rest_route=\/wp\/v2\/posts\/515"}],"collection":[{"href":"https:\/\/manaco.ird.nc\/index.php?rest_route=\/wp\/v2\/posts"}],"about":[{"href":"https:\/\/manaco.ird.nc\/index.php?rest_route=\/wp\/v2\/types\/post"}],"author":[{"embeddable":true,"href":"https:\/\/manaco.ird.nc\/index.php?rest_route=\/wp\/v2\/users\/1"}],"replies":[{"embeddable":true,"href":"https:\/\/manaco.ird.nc\/index.php?rest_route=%2Fwp%2Fv2%2Fcomments&post=515"}],"version-history":[{"count":3,"href":"https:\/\/manaco.ird.nc\/index.php?rest_route=\/wp\/v2\/posts\/515\/revisions"}],"predecessor-version":[{"id":520,"href":"https:\/\/manaco.ird.nc\/index.php?rest_route=\/wp\/v2\/posts\/515\/revisions\/520"}],"wp:featuredmedia":[{"embeddable":true,"href":"https:\/\/manaco.ird.nc\/index.php?rest_route=\/wp\/v2\/media\/516"}],"wp:attachment":[{"href":"https:\/\/manaco.ird.nc\/index.php?rest_route=%2Fwp%2Fv2%2Fmedia&parent=515"}],"wp:term":[{"taxonomy":"category","embeddable":true,"href":"https:\/\/manaco.ird.nc\/index.php?rest_route=%2Fwp%2Fv2%2Fcategories&post=515"},{"taxonomy":"post_tag","embeddable":true,"href":"https:\/\/manaco.ird.nc\/index.php?rest_route=%2Fwp%2Fv2%2Ftags&post=515"}],"curies":[{"name":"wp","href":"https:\/\/api.w.org\/{rel}","templated":true}]}}