{"id":456,"date":"2022-08-22T08:00:28","date_gmt":"2022-08-22T08:00:28","guid":{"rendered":"https:\/\/manaco.ird.nc\/?p=456"},"modified":"2022-08-22T08:00:29","modified_gmt":"2022-08-22T08:00:29","slug":"le-potentiel-adaptatif-des-coraux-en-appui-a-la-gestion-des-recifs-coralliens-des-antilles-francaises-et-de-mayotte","status":"publish","type":"post","link":"https:\/\/manaco.ird.nc\/?p=456","title":{"rendered":"Le Potentiel Adaptatif des COraux en appui \u00e0 la gestion des r\u00e9cifs coralliens des Antilles fran\u00e7aises et de Mayotte"},"content":{"rendered":"\n<p>Suite \u00e0 l\u2019appel \u00e0 manifestation d\u2019int\u00e9r\u00eat de l\u2019Office Fran\u00e7ais de la Biodiversit\u00e9 (OFB) pour cofinancer des projets permettant l\u2019am\u00e9lioration des connaissances en appui \u00e0 la gestion des parcs marins nationaux, les laboratoires <a rel=\"noreferrer noopener\" href=\"https:\/\/umr-entropie.ird.nc\/index.php\/home\" target=\"_blank\">ENTROPIE<\/a> (porteur Gael Lecellier) et <a rel=\"noreferrer noopener\" href=\"https:\/\/borea.mnhn.fr\/\" target=\"_blank\">BOREA<\/a> (co-porteuse Malika Trouillefou) et leurs partenaires ont obtenu le financement du programme PACO pour une dur\u00e9e de 3 ans. Les travaux se d\u00e9rouleront aux Antilles et \u00e0 Mayotte. Ce projet de g\u00e9nomique paysag\u00e8re a pour ambition\u00a0:<\/p>\n\n\n\n<p>D\u2019\u00e9tablir des cartes du potentiel adaptatif des r\u00e9cifs des r\u00e9gions antillaises et mahoraises, pour identifier les zones prioritaires \u00e0 prot\u00e9ger.<\/p>\n\n\n\n<p>D\u2019optimiser les dispositifs de protection des r\u00e9cifs et renforcer les capacit\u00e9s de restauration futures.<\/p>\n\n\n\n<p>De proposer une feuille de route pour la cr\u00e9ation de \u00abzones r\u00e9servoirs\u00bb, \u00e0 prioriser pour les suivis \u00e0 long terme et l\u2019intensification des mesures de protection.<\/p>\n\n\n\n<figure class=\"wp-block-image size-full\"><img loading=\"lazy\" decoding=\"async\" width=\"929\" height=\"556\" src=\"https:\/\/manaco.ird.nc\/wp-content\/uploads\/2022\/08\/Image-DHW-MANACO-1.png\" alt=\"\" class=\"wp-image-468\" srcset=\"https:\/\/manaco.ird.nc\/wp-content\/uploads\/2022\/08\/Image-DHW-MANACO-1.png 929w, https:\/\/manaco.ird.nc\/wp-content\/uploads\/2022\/08\/Image-DHW-MANACO-1-300x180.png 300w, https:\/\/manaco.ird.nc\/wp-content\/uploads\/2022\/08\/Image-DHW-MANACO-1-768x460.png 768w\" sizes=\"(max-width: 929px) 100vw, 929px\" \/><\/figure>\n\n\n\n<p>Les r\u00e9sultats du projet PACO viendront en soutien aux plans de conservation et \u00e0 l\u2019orientation d&#8217;autres programmes en lien avec l\u2019\u00e9tat de sant\u00e9 et la r\u00e9silience des coraux de ces r\u00e9gions, d\u00e9fendus par les gestionnaires des parcs nationaux marins et autres r\u00e9serves. Ce projet regroupe \u00e0 ce jour 5 parcs et r\u00e9serves marines de ces 2 r\u00e9gions.<\/p>\n\n\n\n<figure class=\"wp-block-gallery has-nested-images columns-default is-cropped wp-block-gallery-1 is-layout-flex wp-block-gallery-is-layout-flex\">\n<figure class=\"wp-block-image size-large\"><img loading=\"lazy\" decoding=\"async\" width=\"1024\" height=\"91\" data-id=\"465\" src=\"https:\/\/manaco.ird.nc\/wp-content\/uploads\/2022\/08\/BandeauLogo-1024x91.png\" alt=\"\" class=\"wp-image-465\" srcset=\"https:\/\/manaco.ird.nc\/wp-content\/uploads\/2022\/08\/BandeauLogo-1024x91.png 1024w, https:\/\/manaco.ird.nc\/wp-content\/uploads\/2022\/08\/BandeauLogo-300x27.png 300w, https:\/\/manaco.ird.nc\/wp-content\/uploads\/2022\/08\/BandeauLogo-768x68.png 768w, https:\/\/manaco.ird.nc\/wp-content\/uploads\/2022\/08\/BandeauLogo.png 1470w\" sizes=\"(max-width: 1024px) 100vw, 1024px\" \/><\/figure>\n<\/figure>\n","protected":false},"excerpt":{"rendered":"<p>Suite \u00e0 l\u2019appel \u00e0 manifestation d\u2019int\u00e9r\u00eat de l\u2019Office Fran\u00e7ais de la Biodiversit\u00e9 (OFB) pour cofinancer des projets permettant l\u2019am\u00e9lioration des connaissances en appui \u00e0 la gestion des parcs marins nationaux, les laboratoires ENTROPIE (porteur Gael Lecellier) et BOREA (co-porteuse Malika Trouillefou) et leurs partenaires ont obtenu le financement du programme PACO pour une dur\u00e9e de [&hellip;]<\/p>\n","protected":false},"author":2,"featured_media":470,"comment_status":"closed","ping_status":"open","sticky":false,"template":"","format":"standard","meta":{"_mo_disable_npp":"","footnotes":""},"categories":[8],"tags":[],"class_list":["post-456","post","type-post","status-publish","format-standard","has-post-thumbnail","hentry","category-projects"],"_links":{"self":[{"href":"https:\/\/manaco.ird.nc\/index.php?rest_route=\/wp\/v2\/posts\/456"}],"collection":[{"href":"https:\/\/manaco.ird.nc\/index.php?rest_route=\/wp\/v2\/posts"}],"about":[{"href":"https:\/\/manaco.ird.nc\/index.php?rest_route=\/wp\/v2\/types\/post"}],"author":[{"embeddable":true,"href":"https:\/\/manaco.ird.nc\/index.php?rest_route=\/wp\/v2\/users\/2"}],"replies":[{"embeddable":true,"href":"https:\/\/manaco.ird.nc\/index.php?rest_route=%2Fwp%2Fv2%2Fcomments&post=456"}],"version-history":[{"count":6,"href":"https:\/\/manaco.ird.nc\/index.php?rest_route=\/wp\/v2\/posts\/456\/revisions"}],"predecessor-version":[{"id":469,"href":"https:\/\/manaco.ird.nc\/index.php?rest_route=\/wp\/v2\/posts\/456\/revisions\/469"}],"wp:featuredmedia":[{"embeddable":true,"href":"https:\/\/manaco.ird.nc\/index.php?rest_route=\/wp\/v2\/media\/470"}],"wp:attachment":[{"href":"https:\/\/manaco.ird.nc\/index.php?rest_route=%2Fwp%2Fv2%2Fmedia&parent=456"}],"wp:term":[{"taxonomy":"category","embeddable":true,"href":"https:\/\/manaco.ird.nc\/index.php?rest_route=%2Fwp%2Fv2%2Fcategories&post=456"},{"taxonomy":"post_tag","embeddable":true,"href":"https:\/\/manaco.ird.nc\/index.php?rest_route=%2Fwp%2Fv2%2Ftags&post=456"}],"curies":[{"name":"wp","href":"https:\/\/api.w.org\/{rel}","templated":true}]}}