{"id":416,"date":"2022-05-13T14:25:22","date_gmt":"2022-05-13T14:25:22","guid":{"rendered":"http:\/\/manaco.ird.nc\/?p=416"},"modified":"2022-05-13T14:31:08","modified_gmt":"2022-05-13T14:31:08","slug":"expertise-franco-suisse-dans-locean-indien-dans-le-cadre-du-projet-regional-du-pnud-restoring-marine-ecosystem-services-by-rehabilitating-coral-reefs-to-meet-a-changing-climate-future","status":"publish","type":"post","link":"https:\/\/manaco.ird.nc\/?p=416","title":{"rendered":"Expertise Franco-Suisse dans l\u2019Oc\u00e9an Indien dans le cadre du projet r\u00e9gional du PNUD \u00abRestoring Marine Ecosystem Services by Rehabilitating Coral Reefs to Meet a Changing Climate Future\u00bb ."},"content":{"rendered":"\n<p>Le but de ce consulting est de transposer la m\u00e9thodologie de g\u00e9nomique paysag\u00e8re adapt\u00e9e aux coraux \u00e0 la r\u00e9gion des r\u00e9publiques de Maurice et des Seychelles. Les missions organis\u00e9es dans le cadre du projet permettent le pr\u00e9l\u00e8vement d\u2019\u00e9chantillons de coraux mais aussi l\u2019organisation d\u2019ateliers de formation pour un transfert de comp\u00e9tences aux contreparties et chercheurs locaux en g\u00e9nomique paysag\u00e8re.<\/p>\n\n\n\n<p>Le projet est coordonn\u00e9 par Ga\u00ebl Lecellier, accompagn\u00e9 de\nV\u00e9ronique Berteaux-Lecellier (<a href=\"https:\/\/umr-entropie.ird.nc\/index.php\/home\">UMR Entropie<\/a>),\nbas\u00e9s \u00e0 Noum\u00e9a en Nouvelle-Cal\u00e9donie. C\u00f4t\u00e9 Suisse, St\u00e9phane Joost et Oliver\nSelmoni sont chercheurs \u00e0 l\u2019Ecole Polytechnique F\u00e9d\u00e9rale de Lausanne \u2013 EPFL) au\nsein du laboratoire LASIG (Laboratory of Geographic Information Systems).<\/p>\n\n\n\n<p>Apr\u00e8s\navoir \u00e9chantillonn\u00e9 autour de l\u2019\u00eele Maurice et aux Seychelles, les chercheurs\nsont actuellement \u00e0 Rodrigues. <\/p>\n\n\n\n<figure class=\"wp-block-gallery columns-1 is-cropped wp-block-gallery-1 is-layout-flex wp-block-gallery-is-layout-flex\"><ul class=\"blocks-gallery-grid\"><li class=\"blocks-gallery-item\"><figure><img loading=\"lazy\" decoding=\"async\" width=\"796\" height=\"558\" src=\"https:\/\/manaco.ird.nc\/wp-content\/uploads\/2022\/05\/Rodrigues.jpg\" alt=\"\" data-id=\"419\" data-full-url=\"https:\/\/manaco.ird.nc\/wp-content\/uploads\/2022\/05\/Rodrigues.jpg\" data-link=\"https:\/\/manaco.ird.nc\/?attachment_id=419\" class=\"wp-image-419\" srcset=\"https:\/\/manaco.ird.nc\/wp-content\/uploads\/2022\/05\/Rodrigues.jpg 796w, https:\/\/manaco.ird.nc\/wp-content\/uploads\/2022\/05\/Rodrigues-300x210.jpg 300w, https:\/\/manaco.ird.nc\/wp-content\/uploads\/2022\/05\/Rodrigues-768x538.jpg 768w\" sizes=\"(max-width: 796px) 100vw, 796px\" \/><\/figure><\/li><\/ul><\/figure>\n\n\n\n<figure class=\"wp-block-gallery columns-1 is-cropped wp-block-gallery-2 is-layout-flex wp-block-gallery-is-layout-flex\"><ul class=\"blocks-gallery-grid\"><li class=\"blocks-gallery-item\"><figure><img loading=\"lazy\" decoding=\"async\" width=\"752\" height=\"892\" src=\"https:\/\/manaco.ird.nc\/wp-content\/uploads\/2022\/05\/Shoals-Rodrigues.jpg\" alt=\"\" data-id=\"425\" data-full-url=\"https:\/\/manaco.ird.nc\/wp-content\/uploads\/2022\/05\/Shoals-Rodrigues.jpg\" data-link=\"https:\/\/manaco.ird.nc\/?attachment_id=425\" class=\"wp-image-425\" srcset=\"https:\/\/manaco.ird.nc\/wp-content\/uploads\/2022\/05\/Shoals-Rodrigues.jpg 752w, https:\/\/manaco.ird.nc\/wp-content\/uploads\/2022\/05\/Shoals-Rodrigues-253x300.jpg 253w\" sizes=\"(max-width: 752px) 100vw, 752px\" \/><\/figure><\/li><\/ul><figcaption class=\"blocks-gallery-caption\"><a href=\"https:\/\/www.facebook.com\/ShoalsCRP\/\">https:\/\/www.facebook.com\/ShoalsCRP\/<\/a><\/figcaption><\/figure>\n","protected":false},"excerpt":{"rendered":"<p>Le but de ce consulting est de transposer la m\u00e9thodologie de g\u00e9nomique paysag\u00e8re adapt\u00e9e aux coraux \u00e0 la r\u00e9gion des r\u00e9publiques de Maurice et des Seychelles. Les missions organis\u00e9es dans le cadre du projet permettent le pr\u00e9l\u00e8vement d\u2019\u00e9chantillons de coraux mais aussi l\u2019organisation d\u2019ateliers de formation pour un transfert de comp\u00e9tences aux contreparties et chercheurs [&hellip;]<\/p>\n","protected":false},"author":1,"featured_media":417,"comment_status":"closed","ping_status":"open","sticky":false,"template":"","format":"standard","meta":{"_mo_disable_npp":"","footnotes":""},"categories":[7],"tags":[],"class_list":["post-416","post","type-post","status-publish","format-standard","has-post-thumbnail","hentry","category-events"],"_links":{"self":[{"href":"https:\/\/manaco.ird.nc\/index.php?rest_route=\/wp\/v2\/posts\/416"}],"collection":[{"href":"https:\/\/manaco.ird.nc\/index.php?rest_route=\/wp\/v2\/posts"}],"about":[{"href":"https:\/\/manaco.ird.nc\/index.php?rest_route=\/wp\/v2\/types\/post"}],"author":[{"embeddable":true,"href":"https:\/\/manaco.ird.nc\/index.php?rest_route=\/wp\/v2\/users\/1"}],"replies":[{"embeddable":true,"href":"https:\/\/manaco.ird.nc\/index.php?rest_route=%2Fwp%2Fv2%2Fcomments&post=416"}],"version-history":[{"count":3,"href":"https:\/\/manaco.ird.nc\/index.php?rest_route=\/wp\/v2\/posts\/416\/revisions"}],"predecessor-version":[{"id":428,"href":"https:\/\/manaco.ird.nc\/index.php?rest_route=\/wp\/v2\/posts\/416\/revisions\/428"}],"wp:featuredmedia":[{"embeddable":true,"href":"https:\/\/manaco.ird.nc\/index.php?rest_route=\/wp\/v2\/media\/417"}],"wp:attachment":[{"href":"https:\/\/manaco.ird.nc\/index.php?rest_route=%2Fwp%2Fv2%2Fmedia&parent=416"}],"wp:term":[{"taxonomy":"category","embeddable":true,"href":"https:\/\/manaco.ird.nc\/index.php?rest_route=%2Fwp%2Fv2%2Fcategories&post=416"},{"taxonomy":"post_tag","embeddable":true,"href":"https:\/\/manaco.ird.nc\/index.php?rest_route=%2Fwp%2Fv2%2Ftags&post=416"}],"curies":[{"name":"wp","href":"https:\/\/api.w.org\/{rel}","templated":true}]}}