{"id":272,"date":"2020-08-25T04:31:22","date_gmt":"2020-08-25T04:31:22","guid":{"rendered":"http:\/\/manaco.ird.nc\/?p=272"},"modified":"2020-08-25T04:31:28","modified_gmt":"2020-08-25T04:31:28","slug":"clement-lelabousse","status":"publish","type":"post","link":"https:\/\/manaco.ird.nc\/?p=272","title":{"rendered":"Cl\u00e9ment LELABOUSSE"},"content":{"rendered":"\n<p><strong>Charg\u00e9 de mission qualit\u00e9 de l&#8217;eau &amp; r\u00e9cifs coralliens<\/strong><\/p>\n\n\n\n<p>Le Parc naturel marin de Mayotte a \u00e9t\u00e9 cr\u00e9\u00e9 par d\u00e9cret le 18 janvier 2010. C\u2019est le premier parc naturel marin cr\u00e9\u00e9 en outre-mer. Situ\u00e9 dans le canal du Mozambique, un des hauts lieux de la biodiversit\u00e9 mondiale, le Parc naturel marin de Mayotte couvre l\u2019ensemble de la zone \u00e9conomique exclusive (68 381 km\u00b2). Implant\u00e9 dans un territoire en pleine mutation, le Parc a un r\u00f4le pr\u00e9pond\u00e9rant de sensibilisation des r\u00e9sidents, de gestion des activit\u00e9s et de pr\u00e9servation du patrimoine maritime aussi bien naturel que culturel.<\/p>\n","protected":false},"excerpt":{"rendered":"<p>Charg\u00e9 de mission qualit\u00e9 de l&#8217;eau &amp; r\u00e9cifs coralliens Le Parc naturel marin de Mayotte a \u00e9t\u00e9 cr\u00e9\u00e9 par d\u00e9cret le 18 janvier 2010. C\u2019est le premier parc naturel marin cr\u00e9\u00e9 en outre-mer. Situ\u00e9 dans le canal du Mozambique, un des hauts lieux de la biodiversit\u00e9 mondiale, le Parc naturel marin de Mayotte couvre l\u2019ensemble [&hellip;]<\/p>\n","protected":false},"author":2,"featured_media":275,"comment_status":"closed","ping_status":"open","sticky":false,"template":"","format":"standard","meta":{"_mo_disable_npp":"","footnotes":""},"categories":[2,13],"tags":[],"class_list":["post-272","post","type-post","status-publish","format-standard","has-post-thumbnail","hentry","category-members","category-other-members"],"_links":{"self":[{"href":"https:\/\/manaco.ird.nc\/index.php?rest_route=\/wp\/v2\/posts\/272"}],"collection":[{"href":"https:\/\/manaco.ird.nc\/index.php?rest_route=\/wp\/v2\/posts"}],"about":[{"href":"https:\/\/manaco.ird.nc\/index.php?rest_route=\/wp\/v2\/types\/post"}],"author":[{"embeddable":true,"href":"https:\/\/manaco.ird.nc\/index.php?rest_route=\/wp\/v2\/users\/2"}],"replies":[{"embeddable":true,"href":"https:\/\/manaco.ird.nc\/index.php?rest_route=%2Fwp%2Fv2%2Fcomments&post=272"}],"version-history":[{"count":1,"href":"https:\/\/manaco.ird.nc\/index.php?rest_route=\/wp\/v2\/posts\/272\/revisions"}],"predecessor-version":[{"id":274,"href":"https:\/\/manaco.ird.nc\/index.php?rest_route=\/wp\/v2\/posts\/272\/revisions\/274"}],"wp:featuredmedia":[{"embeddable":true,"href":"https:\/\/manaco.ird.nc\/index.php?rest_route=\/wp\/v2\/media\/275"}],"wp:attachment":[{"href":"https:\/\/manaco.ird.nc\/index.php?rest_route=%2Fwp%2Fv2%2Fmedia&parent=272"}],"wp:term":[{"taxonomy":"category","embeddable":true,"href":"https:\/\/manaco.ird.nc\/index.php?rest_route=%2Fwp%2Fv2%2Fcategories&post=272"},{"taxonomy":"post_tag","embeddable":true,"href":"https:\/\/manaco.ird.nc\/index.php?rest_route=%2Fwp%2Fv2%2Ftags&post=272"}],"curies":[{"name":"wp","href":"https:\/\/api.w.org\/{rel}","templated":true}]}}